{"id":9209,"date":"2021-06-12T07:00:10","date_gmt":"2021-06-12T05:00:10","guid":{"rendered":"https:\/\/www.vgs-bled.si\/?p=9209"},"modified":"2021-06-11T11:27:41","modified_gmt":"2021-06-11T09:27:41","slug":"svetovni-dan-velnesa-na-vss-bled","status":"publish","type":"post","link":"https:\/\/www.vgs-bled.si\/en\/svetovni-dan-velnesa-na-vss-bled\/","title":{"rendered":"Svetovni dan velnesa na VS\u0160 Bled"},"content":{"rendered":"<p>Prispevek k svetovni promociji velnesa smo izvedli tudi na na\u0161i \u0161oli in sicer z naslovom Z Bleda po svetu&#8230; Celoten program aktivnosti GWD je organizirala in vodila skupina \u0161tudentk 2. letnika programa Velnes v okviru zaklju\u010dnega projekta pri predmetu Upravljanje in poslovanje velne\u0161kih centrov. <!--more-->Vsebina programa je bila aktivna, polna novih izku\u0161enj in znanj:<\/p>\n<ul>\n<li>uvod\u00a0z napitkom iz limone in ingverja<\/li>\n<li>u\u010denje osnov francoske borilne ve\u0161\u010dine Savate s Savate Klub Gorenjska<\/li>\n<li>spoznavanje Rusije z ruskimi prigrizki<\/li>\n<li>Maderoterapija z Ma\u0161o Mavri<\/li>\n<li>u\u010denje Jeruzalema plesa in dihalne tehnike Hatha joge<\/li>\n<li>Japonska metoda spro\u0161\u010danja in joga obraza<\/li>\n<li>afri\u0161ki in mehi\u0161ki prigrizki ter<\/li>\n<li>zaklju\u010dek s pismom so\u0161olcu ob zaklju\u010dku \u0161olanja.<\/li>\n<\/ul>\n<p><a href=\"https:\/\/www.youtube.com\/watch?v=skijxUfkYhA\">Kratek video o zaklju\u010dnem projektu<\/a><\/p>\n<p>Ve\u010d o Svetovnem dnevu velnesa:\u00a0<a href=\"https:\/\/www.globalwellnessday.si\/\">https:\/\/www.globalwellnessday.si\/<\/a><\/p>\n<p>Projektna skupina: Barbara Frontini, Gaja Zavrl, Tina Hrenko, Maja Lapajnar<\/p>\n<p>Foto: Barbara Frontini<\/p>\n<p>&nbsp;<\/p>\n\n\t\t<style type=\"text\/css\">\n\t\t\t#gallery-1 {\n\t\t\t\tmargin: auto;\n\t\t\t}\n\t\t\t#gallery-1 .gallery-item {\n\t\t\t\tfloat: left;\n\t\t\t\tmargin-top: 10px;\n\t\t\t\ttext-align: center;\n\t\t\t\twidth: 33%;\n\t\t\t}\n\t\t\t#gallery-1 img {\n\t\t\t\tborder: 2px solid #cfcfcf;\n\t\t\t}\n\t\t\t#gallery-1 .gallery-caption {\n\t\t\t\tmargin-left: 0;\n\t\t\t}\n\t\t\t\/* see gallery_shortcode() in wp-includes\/media.php *\/\n\t\t<\/style>\n\t\t<div id='gallery-1' class='gallery galleryid-9209 gallery-columns-3 gallery-size-thumbnail'><dl class='gallery-item'>\n\t\t\t<dt class='gallery-icon landscape'>\n\t\t\t\t<a href='https:\/\/www.vgs-bled.si\/en\/svetovni-dan-velnesa-na-vss-bled\/dsc00710-1\/'><img width=\"150\" height=\"150\" src=\"https:\/\/www.vgs-bled.si\/wp-content\/uploads\/2021\/06\/DSC00710-1-150x150.jpg\" class=\"attachment-thumbnail size-thumbnail\" alt=\"\" loading=\"lazy\" srcset=\"https:\/\/www.vgs-bled.si\/wp-content\/uploads\/2021\/06\/DSC00710-1-150x150.jpg 150w, https:\/\/www.vgs-bled.si\/wp-content\/uploads\/2021\/06\/DSC00710-1-100x100.jpg 100w\" sizes=\"(max-width: 150px) 100vw, 150px\" \/><\/a>\n\t\t\t<\/dt><\/dl><dl class='gallery-item'>\n\t\t\t<dt class='gallery-icon landscape'>\n\t\t\t\t<a href='https:\/\/www.vgs-bled.si\/en\/svetovni-dan-velnesa-na-vss-bled\/dsc00956-67\/'><img width=\"150\" height=\"150\" src=\"https:\/\/www.vgs-bled.si\/wp-content\/uploads\/2021\/06\/DSC00956-67-150x150.jpg\" class=\"attachment-thumbnail size-thumbnail\" alt=\"\" loading=\"lazy\" srcset=\"https:\/\/www.vgs-bled.si\/wp-content\/uploads\/2021\/06\/DSC00956-67-150x150.jpg 150w, https:\/\/www.vgs-bled.si\/wp-content\/uploads\/2021\/06\/DSC00956-67-100x100.jpg 100w\" sizes=\"(max-width: 150px) 100vw, 150px\" \/><\/a>\n\t\t\t<\/dt><\/dl><dl class='gallery-item'>\n\t\t\t<dt class='gallery-icon landscape'>\n\t\t\t\t<a href='https:\/\/www.vgs-bled.si\/en\/svetovni-dan-velnesa-na-vss-bled\/dsc00897-56\/'><img width=\"150\" height=\"150\" src=\"https:\/\/www.vgs-bled.si\/wp-content\/uploads\/2021\/06\/DSC00897-56-150x150.jpg\" class=\"attachment-thumbnail size-thumbnail\" alt=\"\" loading=\"lazy\" srcset=\"https:\/\/www.vgs-bled.si\/wp-content\/uploads\/2021\/06\/DSC00897-56-150x150.jpg 150w, https:\/\/www.vgs-bled.si\/wp-content\/uploads\/2021\/06\/DSC00897-56-100x100.jpg 100w\" sizes=\"(max-width: 150px) 100vw, 150px\" \/><\/a>\n\t\t\t<\/dt><\/dl><br style=\"clear: both\" \/><dl class='gallery-item'>\n\t\t\t<dt class='gallery-icon landscape'>\n\t\t\t\t<a href='https:\/\/www.vgs-bled.si\/en\/svetovni-dan-velnesa-na-vss-bled\/dsc01038-82\/'><img width=\"150\" height=\"150\" src=\"https:\/\/www.vgs-bled.si\/wp-content\/uploads\/2021\/06\/DSC01038-82-150x150.jpg\" class=\"attachment-thumbnail size-thumbnail\" alt=\"\" loading=\"lazy\" srcset=\"https:\/\/www.vgs-bled.si\/wp-content\/uploads\/2021\/06\/DSC01038-82-150x150.jpg 150w, https:\/\/www.vgs-bled.si\/wp-content\/uploads\/2021\/06\/DSC01038-82-100x100.jpg 100w\" sizes=\"(max-width: 150px) 100vw, 150px\" \/><\/a>\n\t\t\t<\/dt><\/dl><dl class='gallery-item'>\n\t\t\t<dt class='gallery-icon landscape'>\n\t\t\t\t<a href='https:\/\/www.vgs-bled.si\/en\/svetovni-dan-velnesa-na-vss-bled\/dsc00788-33\/'><img width=\"150\" height=\"150\" src=\"https:\/\/www.vgs-bled.si\/wp-content\/uploads\/2021\/06\/DSC00788-33-150x150.jpg\" class=\"attachment-thumbnail size-thumbnail\" alt=\"\" loading=\"lazy\" srcset=\"https:\/\/www.vgs-bled.si\/wp-content\/uploads\/2021\/06\/DSC00788-33-150x150.jpg 150w, https:\/\/www.vgs-bled.si\/wp-content\/uploads\/2021\/06\/DSC00788-33-100x100.jpg 100w\" sizes=\"(max-width: 150px) 100vw, 150px\" \/><\/a>\n\t\t\t<\/dt><\/dl><dl class='gallery-item'>\n\t\t\t<dt class='gallery-icon portrait'>\n\t\t\t\t<a href='https:\/\/www.vgs-bled.si\/en\/svetovni-dan-velnesa-na-vss-bled\/dsc00982-71\/'><img width=\"150\" height=\"150\" src=\"https:\/\/www.vgs-bled.si\/wp-content\/uploads\/2021\/06\/DSC00982-71-150x150.jpg\" class=\"attachment-thumbnail size-thumbnail\" alt=\"\" loading=\"lazy\" srcset=\"https:\/\/www.vgs-bled.si\/wp-content\/uploads\/2021\/06\/DSC00982-71-150x150.jpg 150w, https:\/\/www.vgs-bled.si\/wp-content\/uploads\/2021\/06\/DSC00982-71-100x100.jpg 100w\" sizes=\"(max-width: 150px) 100vw, 150px\" \/><\/a>\n\t\t\t<\/dt><\/dl><br style=\"clear: both\" \/>\n\t\t<\/div>\n\n<p>&nbsp;<\/p>\n<p>&nbsp;<\/p>\n<p>&nbsp;<\/p>\n","protected":false},"excerpt":{"rendered":"<p>Prispevek k svetovni promociji velnesa smo izvedli tudi na na\u0161i \u0161oli in sicer z naslovom Z Bleda po svetu&#8230; Celoten program aktivnosti GWD je organizirala in vodila skupina \u0161tudentk 2. letnika programa Velnes v okviru zaklju\u010dnega projekta pri predmetu Upravljanje in poslovanje velne\u0161kih centrov.<\/p>\n","protected":false},"author":3,"featured_media":9210,"comment_status":"closed","ping_status":"closed","sticky":false,"template":"","format":"standard","meta":{"om_disable_all_campaigns":false,"_monsterinsights_skip_tracking":false,"_monsterinsights_sitenote_active":false,"_monsterinsights_sitenote_note":"","_monsterinsights_sitenote_category":0},"categories":[14],"tags":[],"aioseo_notices":[],"_links":{"self":[{"href":"https:\/\/www.vgs-bled.si\/en\/wp-json\/wp\/v2\/posts\/9209"}],"collection":[{"href":"https:\/\/www.vgs-bled.si\/en\/wp-json\/wp\/v2\/posts"}],"about":[{"href":"https:\/\/www.vgs-bled.si\/en\/wp-json\/wp\/v2\/types\/post"}],"author":[{"embeddable":true,"href":"https:\/\/www.vgs-bled.si\/en\/wp-json\/wp\/v2\/users\/3"}],"replies":[{"embeddable":true,"href":"https:\/\/www.vgs-bled.si\/en\/wp-json\/wp\/v2\/comments?post=9209"}],"version-history":[{"count":2,"href":"https:\/\/www.vgs-bled.si\/en\/wp-json\/wp\/v2\/posts\/9209\/revisions"}],"predecessor-version":[{"id":9224,"href":"https:\/\/www.vgs-bled.si\/en\/wp-json\/wp\/v2\/posts\/9209\/revisions\/9224"}],"wp:featuredmedia":[{"embeddable":true,"href":"https:\/\/www.vgs-bled.si\/en\/wp-json\/wp\/v2\/media\/9210"}],"wp:attachment":[{"href":"https:\/\/www.vgs-bled.si\/en\/wp-json\/wp\/v2\/media?parent=9209"}],"wp:term":[{"taxonomy":"category","embeddable":true,"href":"https:\/\/www.vgs-bled.si\/en\/wp-json\/wp\/v2\/categories?post=9209"},{"taxonomy":"post_tag","embeddable":true,"href":"https:\/\/www.vgs-bled.si\/en\/wp-json\/wp\/v2\/tags?post=9209"}],"curies":[{"name":"wp","href":"https:\/\/api.w.org\/{rel}","templated":true}]}}